{"id":1364,"date":"2023-02-03T13:57:07","date_gmt":"2023-02-03T12:57:07","guid":{"rendered":"https:\/\/www.multibox.sk\/clanky\/?p=1364"},"modified":"2023-01-25T14:00:43","modified_gmt":"2023-01-25T13:00:43","slug":"ake-rozmery-by-mali-mat-skolske-lavice","status":"publish","type":"post","link":"https:\/\/www.multibox.sk\/clanky\/ake-rozmery-by-mali-mat-skolske-lavice\/","title":{"rendered":"Ak\u00e9 rozmery by mali ma\u0165 \u0161kolsk\u00e9 lavice?"},"content":{"rendered":"\n<p><a href=\"https:\/\/skolacik-majo.sk\/skolsky-nabytok\/skolske-lavice\/\" target=\"_blank\" rel=\"noreferrer noopener\">\u0160kolsk\u00e9 lavice<\/a> s\u00fa dennou s\u00fa\u010das\u0165ou \u0161kolsk\u00e9ho \u017eivota na\u0161ich det\u00ed. V kontexte zdravia a pohodlia \u017eiakov je ve\u013emi d\u00f4le\u017eit\u00fdm aspektom v\u00fdber n\u00e1bytku primeran\u00e9ho v\u00fd\u0161ke a veku det\u00ed a\u00a0t\u00fdka sa to aj \u0161kolsk\u00fdch lav\u00edc.\u00a0Ak\u00fa v\u00fd\u0161ku a\u00a0\u0161\u00edrku by mal ma\u0165 <a href=\"https:\/\/skolacik-majo.sk\/skolsky-nabytok\/\" target=\"_blank\" rel=\"noreferrer noopener\">\u0161kolsk\u00fd n\u00e1bytok<\/a>?<\/p>\n\n\n<div class=\"wp-block-image\">\n<figure class=\"aligncenter size-full is-resized\"><img loading=\"lazy\" decoding=\"async\" src=\"https:\/\/www.multibox.sk\/clanky\/wp-content\/uploads\/2023\/01\/skolske_lavice.jpg\" alt=\"\u0161kolsk\u00e9 lavice\" class=\"wp-image-1365\" width=\"415\" height=\"347\" srcset=\"https:\/\/www.multibox.sk\/clanky\/wp-content\/uploads\/2023\/01\/skolske_lavice.jpg 553w, https:\/\/www.multibox.sk\/clanky\/wp-content\/uploads\/2023\/01\/skolske_lavice-300x251.jpg 300w, https:\/\/www.multibox.sk\/clanky\/wp-content\/uploads\/2023\/01\/skolske_lavice-175x146.jpg 175w, https:\/\/www.multibox.sk\/clanky\/wp-content\/uploads\/2023\/01\/skolske_lavice-50x42.jpg 50w, https:\/\/www.multibox.sk\/clanky\/wp-content\/uploads\/2023\/01\/skolske_lavice-90x75.jpg 90w\" sizes=\"(max-width:767px) 415px, 415px\" \/><\/figure><\/div>\n\n\n<h2 class=\"wp-block-heading\">\u0160kolsk\u00e9 lavice \u2013 z\u00e1kladn\u00fd prvok \u0161kolsk\u00e9ho n\u00e1bytku<\/h2>\n\n\n\n<p><strong>\u0160kolsk\u00e9 lavice<\/strong> musia ma\u0165 spr\u00e1vnu v\u00fd\u0161ku a\u00a0\u0161\u00edrku, preto\u017ee len\u00a0starostlivo vybrat\u00fd n\u00e1bytok\u00a0zabr\u00e1ni vzniku por\u00fach dr\u017eania tela a zraku \u017eiakov.\u00a0Zariadenie, ktor\u00e9 deti nav\u0161tevuj\u00fa, treba prisp\u00f4sobi\u0165 potreb\u00e1m \u017eiakov r\u00f4zneho veku.\u00a0V tomto pr\u00edpade je rozhoduj\u00face vybavenie tried.\u00a0Pri ich zaria\u010fovan\u00ed je potrebn\u00e9 venova\u0165 osobitn\u00fa pozornos\u0165 rozmerom \u0161kolsk\u00fdch lav\u00edc.<\/p>\n\n\n\n<p>Rozmery pre \u0161kolsk\u00e9 lavice od roku 2007 upravuje eur\u00f3pska smernica.&nbsp;Tieto predpisy stanovuj\u00fa rozmery \u0161kolsk\u00e9ho n\u00e1bytku, a&nbsp;to nielen pre <em>\u0161kolsk\u00e9 lavice<\/em>, ale aj <a href=\"https:\/\/skolacik-majo.sk\/skolsky-nabytok\/skolske-stolicky\/\" target=\"_blank\" rel=\"noopener\">\u0161kolsk\u00e9 stoli\u010dky<\/a>. N\u00e1bytok, pri ktorom \u017eiaci p\u00ed\u0161u a \u010d\u00edtaj\u00fa, mus\u00ed ma\u0165 ve\u013ekos\u0165 prisp\u00f4soben\u00fa ich v\u00fd\u0161ke.&nbsp;<\/p>\n\n\n\n<h2 class=\"wp-block-heading\">Rozmery \u0161kolsk\u00fdch lav\u00edc<\/h2>\n\n\n\n<p>\u0160kolsk\u00e9 lavice boli na z\u00e1klade smernice rozdelen\u00e9 do 8 kateg\u00f3ri\u00ed, ktor\u00fdm boli pridelen\u00e9 farby.&nbsp;Lavice pre deti, ktor\u00e9 maj\u00fa v\u00fd\u0161ku od 80 do 95 cm, s\u00fa ozna\u010den\u00e9 bielou farbou.&nbsp;V\u00fd\u0161ka stolovej dosky od zeme pre deti v tejto kateg\u00f3rii mus\u00ed by\u0165 40 cm.&nbsp;Druhou skupinou je \u0161kolsk\u00fd n\u00e1bytok oran\u017eovej farby. Oran\u017eov\u00e1 farba je kateg\u00f3ria pre \u0161tudentov s v\u00fd\u0161kou od 93 do 116 cm. V\u00fd\u0161ka \u0161kolsk\u00fdch lav\u00edc mus\u00ed ma\u0165 v\u00fd\u0161ku vrchu 46 cm.&nbsp;\u0160tudenti s v\u00fd\u0161kou od 108 do 121 cm by mali zasa sedie\u0165 pri 53 cm vysok\u00fdch stoloch.&nbsp;Lavice s tak\u00fdmito rozmermi s\u00fa ozna\u010den\u00e9 fialovou farbou.<\/p>\n\n\n\n<p>\u017dlt\u00e9 \u0161kolsk\u00e9 lavice s\u00fa ur\u010den\u00e9 pre deti s v\u00fd\u0161kou 119 a\u017e 142 cm.\u00a0V\u00fd\u0161ka dosky stola pre je 59 cm. \u00a0Star\u0161ie deti s v\u00fd\u0161kou 133 a\u017e 159 cm by sa mali u\u010di\u0165 v laviciach s v\u00fd\u0161kou 64 cm a\u00a0tieto stoly maj\u00fa pod\u013ea predpisov \u010derven\u00e9 ozna\u010denie.\u00a0Modr\u00e1 a hned\u00e1 farba s\u00fa priraden\u00e9 lavi\u010dk\u00e1m prisp\u00f4soben\u00fdm najvy\u0161\u0161\u00edm t\u00edned\u017eerom &#8211; vhodn\u00e1 v\u00fd\u0161ka lav\u00edc pre tak\u00fdchto \u017eiakov je 76 a 82 cm. Vyberte si zo \u0161irokej ponuky \u0161kolsk\u00e9ho n\u00e1bytku, medzi ktor\u00fdm n\u00e1jdete produkty ako \u0161kolsk\u00e1 lavica, \u0161kolsk\u00e1 stoli\u010dka \u010di <a href=\"https:\/\/skolacik-majo.sk\/skolsky-nabytok\/jedalensky-stol\/\" target=\"_blank\" rel=\"noreferrer noopener\">jed\u00e1lensk\u00fd st\u00f4l pre \u0161tudenta<\/a>. Pon\u00fakame tie\u017e kvalitn\u00fd <a href=\"https:\/\/skolacik-majo.sk\/kancelarsky-nabytok\/\" target=\"_blank\" rel=\"noreferrer noopener\">kancel\u00e1rsky n\u00e1bytok<\/a> &#8211; sta\u010d\u00ed si len vybra\u0165 z <a href=\"https:\/\/skolacikmajo.sk\/\" target=\"_blank\" rel=\"noreferrer noopener\">ponuky<\/a>.<\/p>\n\n\n\n<p>Pre\u010d\u00edtajte si tie\u017e:<\/p>\n\n\n\n<ul>\n<li><a href=\"https:\/\/clanky.online\/clanok\/skolske-stolicky-ktore-podporia-zdravy-vyvin-dietata-1418\" target=\"_blank\" rel=\"noreferrer noopener\">\u0160kolsk\u00e9 stoli\u010dky, ktor\u00e9 podporia zdrav\u00fd v\u00fdvin die\u0165a\u0165a<\/a><\/li>\n\n\n\n<li><a href=\"https:\/\/skica.online\/jedalensky-stol-ako-prakticky-a-elegantny-doplnok-vasej-jedalne\/\" target=\"_blank\" rel=\"noreferrer noopener\">Jed\u00e1lensk\u00fd st\u00f4l ako praktick\u00fd a elegantn\u00fd doplnok va\u0161ej jed\u00e1lne<\/a><\/li>\n\n\n\n<li><a href=\"https:\/\/www.mediatel.sk\/kvalitny-kancelarsky-nabytok-za-dobre-ceny\/\" target=\"_blank\" rel=\"noreferrer noopener\">Kvalitn\u00fd kancel\u00e1rsky n\u00e1bytok za dobr\u00e9 ceny<\/a><\/li>\n<\/ul>\n","protected":false},"excerpt":{"rendered":"<p>\u0160kolsk\u00e9 lavice s\u00fa dennou s\u00fa\u010das\u0165ou \u0161kolsk\u00e9ho \u017eivota na\u0161ich det\u00ed. V kontexte zdravia a pohodlia \u017eiakov<span class=\"excerpt-hellip\"> [\u2026]<\/span><\/p>\n","protected":false},"author":4,"featured_media":1365,"comment_status":"closed","ping_status":"closed","sticky":false,"template":"","format":"standard","meta":{"footnotes":""},"categories":[17],"tags":[],"_links":{"self":[{"href":"https:\/\/www.multibox.sk\/clanky\/wp-json\/wp\/v2\/posts\/1364"}],"collection":[{"href":"https:\/\/www.multibox.sk\/clanky\/wp-json\/wp\/v2\/posts"}],"about":[{"href":"https:\/\/www.multibox.sk\/clanky\/wp-json\/wp\/v2\/types\/post"}],"author":[{"embeddable":true,"href":"https:\/\/www.multibox.sk\/clanky\/wp-json\/wp\/v2\/users\/4"}],"replies":[{"embeddable":true,"href":"https:\/\/www.multibox.sk\/clanky\/wp-json\/wp\/v2\/comments?post=1364"}],"version-history":[{"count":1,"href":"https:\/\/www.multibox.sk\/clanky\/wp-json\/wp\/v2\/posts\/1364\/revisions"}],"predecessor-version":[{"id":1366,"href":"https:\/\/www.multibox.sk\/clanky\/wp-json\/wp\/v2\/posts\/1364\/revisions\/1366"}],"wp:featuredmedia":[{"embeddable":true,"href":"https:\/\/www.multibox.sk\/clanky\/wp-json\/wp\/v2\/media\/1365"}],"wp:attachment":[{"href":"https:\/\/www.multibox.sk\/clanky\/wp-json\/wp\/v2\/media?parent=1364"}],"wp:term":[{"taxonomy":"category","embeddable":true,"href":"https:\/\/www.multibox.sk\/clanky\/wp-json\/wp\/v2\/categories?post=1364"},{"taxonomy":"post_tag","embeddable":true,"href":"https:\/\/www.multibox.sk\/clanky\/wp-json\/wp\/v2\/tags?post=1364"}],"curies":[{"name":"wp","href":"https:\/\/api.w.org\/{rel}","templated":true}]}}