{"id":2878,"date":"2025-09-03T11:15:07","date_gmt":"2025-09-03T09:15:07","guid":{"rendered":"https:\/\/www.multibox.sk\/clanky\/?p=2878"},"modified":"2025-08-27T11:18:33","modified_gmt":"2025-08-27T09:18:33","slug":"vyroba-sedaciek-na-mieru-v-bratislave-pre-kazdy-interier","status":"publish","type":"post","link":"https:\/\/www.multibox.sk\/clanky\/vyroba-sedaciek-na-mieru-v-bratislave-pre-kazdy-interier\/","title":{"rendered":"V\u00fdroba seda\u010diek na mieru v Bratislave pre ka\u017ed\u00fd interi\u00e9r"},"content":{"rendered":"\n<p><strong>\u010cl\u00e1nok v skratke:<\/strong><\/p>\n\n\n\n<p><strong><br>V\u00fdroba seda\u010diek na mieru prin\u00e1\u0161a rie\u0161enie pre ka\u017ed\u00fd interi\u00e9r, od modern\u00e9ho po klasick\u00fd \u0161t\u00fdl.<br>Kombin\u00e1cia remeselnej kvality a individu\u00e1lneho dizajnu zaru\u010duje dlh\u00fa \u017eivotnos\u0165 seda\u010dky.<\/strong><\/p>\n\n\n<div class=\"wp-block-image\">\n<figure class=\"aligncenter size-full\"><img loading=\"lazy\" decoding=\"async\" width=\"500\" height=\"500\" src=\"https:\/\/www.multibox.sk\/clanky\/wp-content\/uploads\/2025\/08\/vyroba_sedaciek_na_mieru.jpg\" alt=\"v\u00fdroba seda\u010diek na mieru\" class=\"wp-image-2879\" srcset=\"https:\/\/www.multibox.sk\/clanky\/wp-content\/uploads\/2025\/08\/vyroba_sedaciek_na_mieru.jpg 500w, https:\/\/www.multibox.sk\/clanky\/wp-content\/uploads\/2025\/08\/vyroba_sedaciek_na_mieru-300x300.jpg 300w, https:\/\/www.multibox.sk\/clanky\/wp-content\/uploads\/2025\/08\/vyroba_sedaciek_na_mieru-150x150.jpg 150w, https:\/\/www.multibox.sk\/clanky\/wp-content\/uploads\/2025\/08\/vyroba_sedaciek_na_mieru-75x75.jpg 75w, https:\/\/www.multibox.sk\/clanky\/wp-content\/uploads\/2025\/08\/vyroba_sedaciek_na_mieru-480x480.jpg 480w\" sizes=\"(max-width:767px) 480px, 500px\" \/><\/figure><\/div>\n\n\n<p>Na\u0161a\u00a0<a href=\"https:\/\/www.benjo-benjo.sk\/sluzby\/sedacky-na-mieru\" target=\"_blank\" rel=\"noreferrer noopener\">v\u00fdroba seda\u010diek na mieru\u00a0v Bratislave<\/a> je spojen\u00edm dlhoro\u010dn\u00fdch sk\u00fasenost\u00ed, kvality a osobn\u00e9ho pr\u00edstupu. V\u010faka viac ne\u017e \u0161tyrom desa\u0165ro\u010diam praxe vieme vytvori\u0165 jedine\u010dn\u00fd kus n\u00e1bytku, ktor\u00fd dokonale zapadne do v\u00e1\u0161ho priestoru. Pon\u00fakame aj slu\u017eby pre z\u00e1kazn\u00edkov zo Senca, Pezinka a Malaciek, pri\u010dom db\u00e1me na r\u00fdchle vybavenie a vysok\u00fa \u00farove\u0148 spracovania.<\/p>\n\n\n\n<h2 class=\"wp-block-heading\">Pre\u010do si vybra\u0165 na\u0161u v\u00fdrobu seda\u010diek na mieru v&nbsp;Bratislave?<\/h2>\n\n\n\n<p><strong>V\u00fdroba seda\u010diek na mieru<\/strong>\u00a0v Bratislave je ide\u00e1lnym rie\u0161en\u00edm, ak h\u013ead\u00e1te kombin\u00e1ciu funk\u010dnosti, estetiky a individu\u00e1lneho pr\u00edstupu. V na\u0161om showroome pon\u00fakame \u0161irok\u00fd sortiment po\u0165ahov\u00fdch materi\u00e1lov \u2013 od kvalitnej ko\u017ee cez odoln\u00e9 l\u00e1tky a\u017e po praktick\u00fa ko\u017eenku. Na\u0161e\u00a0<a href=\"https:\/\/www.benjo-benjo.sk\/\" target=\"_blank\" rel=\"noreferrer noopener\">\u010dal\u00fann\u00edctvo<\/a>\u00a0zabezpe\u010duje prec\u00edzne spracovanie, ktor\u00e9 ocenili stovky spokojn\u00fdch z\u00e1kazn\u00edkov. Ka\u017ed\u00fd projekt realizujeme pod\u013ea presn\u00fdch po\u017eiadaviek klienta, aby v\u00fdsledok sp\u013a\u0148al predstavy o komforte a dizajne. Na\u0161a ponuka zah\u0155\u0148a aj slu\u017eby ako\u00a0<a href=\"https:\/\/www.benjo-benjo.sk\/sluzby\/calunenie\" target=\"_blank\" rel=\"noreferrer noopener\">\u010dal\u00fanenie seda\u010diek<\/a>\u00a0a\u00a0<a href=\"https:\/\/www.benjo-benjo.sk\/sluzby\/oprava-sedaciek-na-mieru\" target=\"_blank\" rel=\"noreferrer noopener\">oprava seda\u010diek<\/a>, v\u010faka \u010domu dok\u00e1\u017eeme pred\u013a\u017ei\u0165 \u017eivotnos\u0165 v\u00e1\u0161ho n\u00e1bytku a doda\u0165 mu nov\u00fd vzh\u013ead.<\/p>\n\n\n\n<p>Okrem praktickej funkcie je&nbsp;<em>v\u00fdroba seda\u010diek na mieru<\/em>&nbsp;aj invest\u00edciou do vizu\u00e1lnej identity interi\u00e9ru. Prisp\u00f4sobujeme tvary, rozmery a detaily tak, aby nov\u00fd kus n\u00e1bytku harmonicky ladil s okol\u00edm. Z\u00e1kazn\u00edci oce\u0148uj\u00fa aj na\u0161u flexibilitu pri n\u00e1vrhoch a schopnos\u0165 zladi\u0165 seda\u010dku so zvy\u0161kom vybavenia. V\u010faka na\u0161im sk\u00fasenostiam a pr\u00edstupu na mieru m\u00e1 ka\u017ed\u00fd klient istotu, \u017ee v\u00fdsledn\u00e1 seda\u010dka spln\u00ed aj tie najn\u00e1ro\u010dnej\u0161ie po\u017eiadavky.&nbsp;<em>V\u00fdroba seda\u010diek na mieru<\/em>&nbsp;v Bratislave je rie\u0161en\u00edm pre t\u00fdch, ktor\u00ed h\u013eadaj\u00fa spojenie estetiky, komfortu a dlhej \u017eivotnosti. Ka\u017ed\u00fd projekt realizujeme s d\u00f4razom na detail, kvalitu materi\u00e1lov a spokojnos\u0165 z\u00e1kazn\u00edka.<\/p>\n\n\n\n<h2 class=\"wp-block-heading\">Doplnkov\u00e9 slu\u017eby a detaily spracovania<\/h2>\n\n\n\n<p>Okrem toho, \u017ee\u00a0<strong>v\u00fdroba seda\u010diek na mieru<\/strong>\u00a0umo\u017e\u0148uje vytvori\u0165 n\u00e1bytok presne pod\u013ea va\u0161ich predst\u00e1v, pon\u00fakame aj \u010fal\u0161ie interi\u00e9rov\u00e9 doplnky. Medzi ne patria\u00a0<a href=\"https:\/\/www.benjo-benjo.sk\/sluzby\/calunene-panely-na-mieru\" target=\"_blank\" rel=\"noreferrer noopener\">\u010dal\u00fanen\u00e9 panely na mieru<\/a>, ktor\u00e9 dodaj\u00fa priestoru origin\u00e1lny vzh\u013ead a funk\u010dnos\u0165. V na\u0161om sortimente n\u00e1jdete materi\u00e1ly, ktor\u00e9 s\u00fa nielen estetick\u00e9, ale aj odoln\u00e9 vo\u010di ka\u017edodenn\u00e9mu pou\u017e\u00edvaniu. Pon\u00fakame v\u00fdpl\u0148ov\u00e9 materi\u00e1ly r\u00f4znej tvrdosti, aby bola seda\u010dka pohodln\u00e1 a z\u00e1rove\u0148 trv\u00e1cna. Sme pripraven\u00ed zabezpe\u010di\u0165 aj \u0161pecifick\u00e9 po\u017eiadavky, ako je\u00a0\u010dal\u00fanenie dver\u00ed\u00a0alebo \u00faprava sedac\u00edch zost\u00e1v pod\u013ea ne\u0161tandardn\u00fdch rozmerov.<\/p>\n\n\n\n<p>Pri realiz\u00e1cii vyu\u017e\u00edvame overen\u00e9 postupy a kvalitn\u00e9 n\u00e1stroje, aby bol v\u00fdsledok nielen vizu\u00e1lne atrakt\u00edvny, ale aj kon\u0161truk\u010dne spo\u013eahliv\u00fd. Na\u0161a pr\u00e1ca je oce\u0148ovan\u00e1 nielen v Bratislave, ale aj v okol\u00ed \u2013 vr\u00e1tane Senca, Pezinka a Malaciek. Ka\u017ed\u00fd z\u00e1kazn\u00edk z\u00edskava istotu, \u017ee jeho objedn\u00e1vka bude vybaven\u00e1 r\u00fdchlo, profesion\u00e1lne a s d\u00f4razom na detail. V&nbsp;pr\u00edpade z\u00e1ujmu o <em>v\u00fdrobu seda\u010diek na mieru<\/em>&nbsp;n\u00e1s nev\u00e1hajte kontaktova\u0165.<\/p>\n\n\n\n<p>Pre\u010d\u00edtajte si tie\u017e:<\/p>\n\n\n\n<p><br><a href=\"https:\/\/beseo.online\/oprava-sedaciek-v-bratislave-preco-sa-oplati\/\" target=\"_blank\" rel=\"noreferrer noopener\">Oprava seda\u010diek v Bratislave \u2013 pre\u010do sa oplat\u00ed<\/a><br><a href=\"https:\/\/wenetonline.sk\/oprava-nabytku-v-bratislave-ked-netreba-kupovat-novy-nabytok\/\" target=\"_blank\" rel=\"noreferrer noopener\">Oprava n\u00e1bytku v Bratislave \u2013 ke\u010f netreba kupova\u0165 nov\u00fd n\u00e1bytok<\/a><br><a href=\"https:\/\/www.mediatel.sk\/calunene-panely-na-mieru-stylovy-doplnok-s-praktickym-vyuzitim-v-bratislave\/\" target=\"_blank\" rel=\"noreferrer noopener\">\u010cal\u00fanen\u00e9 panely na mieru \u2013 \u0161t\u00fdlov\u00fd doplnok s praktick\u00fdm vyu\u017eit\u00edm v Bratislave<\/a><\/p>\n","protected":false},"excerpt":{"rendered":"<p>\u010cl\u00e1nok v skratke: V\u00fdroba seda\u010diek na mieru prin\u00e1\u0161a rie\u0161enie pre ka\u017ed\u00fd interi\u00e9r, od modern\u00e9ho po<span class=\"excerpt-hellip\"> [\u2026]<\/span><\/p>\n","protected":false},"author":4,"featured_media":2879,"comment_status":"closed","ping_status":"closed","sticky":false,"template":"","format":"standard","meta":{"footnotes":""},"categories":[17],"tags":[],"_links":{"self":[{"href":"https:\/\/www.multibox.sk\/clanky\/wp-json\/wp\/v2\/posts\/2878"}],"collection":[{"href":"https:\/\/www.multibox.sk\/clanky\/wp-json\/wp\/v2\/posts"}],"about":[{"href":"https:\/\/www.multibox.sk\/clanky\/wp-json\/wp\/v2\/types\/post"}],"author":[{"embeddable":true,"href":"https:\/\/www.multibox.sk\/clanky\/wp-json\/wp\/v2\/users\/4"}],"replies":[{"embeddable":true,"href":"https:\/\/www.multibox.sk\/clanky\/wp-json\/wp\/v2\/comments?post=2878"}],"version-history":[{"count":2,"href":"https:\/\/www.multibox.sk\/clanky\/wp-json\/wp\/v2\/posts\/2878\/revisions"}],"predecessor-version":[{"id":2881,"href":"https:\/\/www.multibox.sk\/clanky\/wp-json\/wp\/v2\/posts\/2878\/revisions\/2881"}],"wp:featuredmedia":[{"embeddable":true,"href":"https:\/\/www.multibox.sk\/clanky\/wp-json\/wp\/v2\/media\/2879"}],"wp:attachment":[{"href":"https:\/\/www.multibox.sk\/clanky\/wp-json\/wp\/v2\/media?parent=2878"}],"wp:term":[{"taxonomy":"category","embeddable":true,"href":"https:\/\/www.multibox.sk\/clanky\/wp-json\/wp\/v2\/categories?post=2878"},{"taxonomy":"post_tag","embeddable":true,"href":"https:\/\/www.multibox.sk\/clanky\/wp-json\/wp\/v2\/tags?post=2878"}],"curies":[{"name":"wp","href":"https:\/\/api.w.org\/{rel}","templated":true}]}}